{"id":2470,"date":"2022-01-06T16:39:47","date_gmt":"2022-01-06T13:39:47","guid":{"rendered":"http:\/\/maarav.org.il\/english\/?p=2470"},"modified":"2022-04-13T12:28:12","modified_gmt":"2022-04-13T09:28:12","slug":"a-concise-primer-on-contemporary-maritime-thinking-and","status":"publish","type":"post","link":"http:\/\/maarav.org.il\/english\/2022\/01\/06\/a-concise-primer-on-contemporary-maritime-thinking-and\/","title":{"rendered":"A Concise Primer on Contemporary Maritime Thinking and Action\/ Itamar Mann"},"content":{"rendered":"\n<p><\/p>\n\n\n\n<div class=\"wp-container-1 wp-block-group\"><div class=\"wp-block-group__inner-container\">\n<p>Traditionally, the law of the sea is one of the driest subfields of international legal research. But due to the sea\u2019s role as protagonist in the unfolding momentous climate crisis, the law of the sea has taken on new life. As Renisa Mawani writes, the ocean has become a \u201cmethodology\u201d \u2013 a general perspective from which we can reexamine the most fundamental assumptions in other areas of the law. I think of this this quite often when I am in water. From the perspective of swimming or sailing a hundred meters from the coastline, Haifa and the Carmel Ridge behind it look different and distinct. Those accustomed to seeing them from land will experience a certain defamiliarization. Similarly, a lawyer who observes territorial legal arrangements from a maritime vantage point, will see a different picture, compared to her onshore colleagues. The climate crisis and the threats it brings with it make this unique perspective more relevant than ever.<\/p>\n\n\n\n<p><strong>The roots of maritime thought in the seventeenth century<\/strong><\/p>\n\n\n\n<p>To establish the ocean as a \u201cmethodology\u201d, Mawani returns to two principal thinkers in the history of the law of the sea: seventeenth-century Dutch jurist Hugo Grotius, and twentieth-century Nazi German jurist Carl Schmitt.<\/p>\n\n\n\n<p>Grotius is often credited for the freedom of the high seas, an idea with far-reaching consequences that still applies today. Representing The Netherlands\u2019 interests as a maritime power seeking to open trade routes, Grotius argued that the sea by its very nature cannot be divided, nor can sovereignty or private ownership be imposed upon it. Grotius\u2019s thinking emerges from a clear imperial context. But it is also characterized by an aesthetic dimension: for him, the physical-material qualities of the sea \u2013 its vastness and constant change \u2013 are what allow its legal distinction from <em>terra firma<\/em>. Consequently to Grotius\u2019s theoretical contribution, the oceans were recognized as a global commons. With the exception of specific cases, the movement of maritime vessels cannot be restricted beyond a limited coastal strip over which countries may impose sovereignty. Similarly, beyond that strip, the sea cannot be conquered or purchased for money. \u201c<em>Mare Liberum<\/em>\u201d.&nbsp;<\/p>\n\n\n\n<p>However, formulating the legal idea of a \u201cfree sea\u201d did not necessarily transform the sea, at least not in Grotius\u2019s time, into a democratic or necessarily liberating space. Indeed, the phrase can even be misleading! The sea is replete with law and legal regulations. Its laws applied, for example, to merchant ships sailing the high seas. Every ship carried a flag, and brought its laws with it; a kind of \u201cfloating territory\u201d, as lawyers thought. Or, to use Lauren Benton\u2019s words, every ship was an \u201cisland of law\u201d. Thus, in Grotius\u2019s time, the sea became the most important traffic artery for the emergent project of colonialism. Although the sea was constructed as a commons, it was in effect controlled by a number of maritime powers: Great Britain, Spain, and The Netherlands, all of which exploited and transported natural resources, laborers, and slaves around the world.<\/p>\n\n\n\n<p>Alongside the maritime powers, and amidst this saturation of maritime laws, pirates emerged in the seventeenth century, (seemingly) the sworn enemies of seafaring empires. Precisely because the sea fell outside the bounds of sovereign control, and became a main transportation route for treasures from all corners of the world, it also presented certain opportunities for those who did not align themselves with the maritime powers\u2019 economic objectives. Pirates became known in the history of the law of the sea as the first to exploit the unique perspective created by that body of law.<\/p>\n\n\n\n<p>The European way of life had begun spreading all over the world. With European expansion, European culture trampled over forms of indigenous political organization, which did not share their basic premises on, e.g., private property, family, and permanent settlement. Against this backdrop, pirates came from Europe and used the rules that European powers introduced \u2013 against them. Their subversive action was devoted to private accumulation, and their iconic black flag marked them as an anomaly in a world where maritime powers strove to impose their order. Pirates became known as <em>hostis humani generis<\/em>: Enemies of humanity. And yet, the dichotomy between the powers and the pirates was never airtight.&nbsp;<\/p>\n\n\n\n<figure class=\"wp-block-image size-full\"><img loading=\"lazy\" width=\"640\" height=\"445\" src=\"http:\/\/maarav.org.il\/english\/wp-content\/uploads\/2022\/04\/IMG_7743.jpg\" alt=\"\" class=\"wp-image-2474\" srcset=\"http:\/\/maarav.org.il\/english\/wp-content\/uploads\/2022\/04\/IMG_7743.jpg 640w, http:\/\/maarav.org.il\/english\/wp-content\/uploads\/2022\/04\/IMG_7743-300x209.jpg 300w\" sizes=\"(max-width: 640px) 100vw, 640px\" \/><figcaption>Sunset in Bat Galim, Itamar Mann, 2021<\/figcaption><\/figure>\n\n\n\n<p><strong>Control of the seas in the twentieth century<\/strong><\/p>\n\n\n\n<p>Schmitt wrote three-hundred years after Grotius, during World War II. In his work, we find a second foundation for legal-aesthetic maritime thought. While <em>The Nomos of the Earth<\/em> is perhaps better known, the relevant book is a relatively short essay published earlier, in 1942, <em>Land and Sea: A World-Historical Meditation<\/em>. From a political perspective, what interested Schmitt above all was how the British Empire gained near exclusive control of the world. From a philosophical perspective, what interested him was how we live in the world; specifically, how the world was united in a \u201cplanetary spatial revolution\u201d. According to Schmitt, by the mid-twentieth century, \u201cMan holds the whole world in the palm of his hand\u201d. He did not think this was a necessarily good thing.&nbsp;<\/p>\n\n\n\n<p>According to Schmitt, the sea, which connects all parts of the world, is not an environment for human habitation. Thus, the sea had restricted humans and their control over the Earth\u2019s resources. With British control of the seas, says Schmitt, humanity\u2019s way of life changed beyond recognition. By means of a technological and logistical revolution, humans gained, for the first time in history, dominion over the world\u2019s space. But this also flattened the plural human existence that Schmitt preferred to see.&nbsp;<\/p>\n\n\n\n<p>In the shadow of the climate crisis, one answer to Schmitt\u2019s question, how the British Empire came to control the world, focuses on the Industrial Revolution. Nineteenth-century England started to consume energy produced from the burning of fossil fuels. This released carbon dioxide accumulated by the Earth\u2019s flora over thousands of years into the atmosphere, and enabled the unprecedented spread of capitalist economy in the twentieth century. Schmitt of course knew nothing of the climate crisis and took a different approach. For him, the roots of British global political reach originated earlier in history, and stemmed from the kingdom\u2019s extra-legal control over the resources available in maritime spaces.&nbsp;<\/p>\n\n\n\n<p>Pirates are key figures for Schmitt. The early predatory capitalism of the English, he explained, was based on one basic formula: along with the Royal Navy and how the English conducted themselves as a maritime power, they also built their wealth on looting and plunder throughout the world\u2019s oceans. For the English, the distinction between \u201chumanity\u201d (the powers) and \u201cenemies of humanity\u201d (pirates) was in fact not strictly dichotomous. Or perhaps it was indeed ultimately merely a pretense. In actual fact, the Royal House and other elements of the kingdom inhabited both sides of the divide at one and the same time: Great Britain stood on the public side of a colonial power, but at the same time also backed and lived off the work of pirates who exploited the new world system for personal gain.<\/p>\n\n\n\n<p>The determining period, according to Schmitt, predated Grotius. These were the forty-five years from 1558 to 1603 during the reign of Queen Elizabeth. Schmitt writes that despite her air of \u201cvirginal innocence\u201d, Queen Elizabeth did exactly what innumerable members of the aristocracy and bourgeoisie did at the time: \u201cThey all took part in the great business of loot. Hundreds and thousands of Englishmen and Englishwomen at that time became \u2018corsair capitalists\u2019\u201d. That, too, is part of the fundamental shift from land to sea, which the British helped bring about. According to Schmitt, with its projection of maritime power, Great Britain managed to usher in a new historical period, to destroy the old, and to change the fate of humanity forever.<\/p>\n\n\n\n<p><strong>Solidarity in maritime thought<\/strong><\/p>\n\n\n\n<p>Compared to Grotius, who laid strong foundations for modern public international law, Schmitt\u2019s writing is oppositional to a global rule of law. Although he objects to the unification of the world, on some level Schmitt seems to also admire their project, in which law is always bound up with power, and the more law advances political power, the more it counts as creative and meaningful. From a different perspective, it is also easy to see a continuity between Grotius and Schmitt. They represent two important parts of a tradition of European legal thought that conceptualize processes of spatial expansion coupled with accumulation of wealth and dominion.<\/p>\n\n\n\n<p>Grotius and Schmitt are both essential parts of a history that brings us all the way up to the present reality of the climate tragedy. According to such a narrative, Grotius laid the foundations for international trade and transportation of merchandise over great distances; Schmitt identified how the United Kingdom utilized these foundations to disseminate an exploitative capitalist economy in every direction, accumulate power, and change humanity beyond recognition. With the Industrial Revolution, the worldwide capitalist infrastructure that had already been established, armed itself with fossil-based energy. Neither Grotius nor Schmitt could write about this last step, but it is entirely of a piece in the narrative of expansion connecting between the two. These maritime milestones are inseparably intertwined with globalization, which is indeed at the core of the climate crisis.<\/p>\n\n\n\n<p>How, then, can contemporary maritime thought provide us with a conceptual and practical toolkit to face this crisis? The sea\u2019s role as protagonist in the climate tragedy is primarily due to rising sea levels. We\u2019re all in the same sinking boat. At the same time, in the shadow of the crisis, the sea\u2019s role as a basin for carbon capture is increasingly being advanced.&nbsp;<\/p>\n\n\n\n<p>The task facing us today, I believe, is to take advantage of the distinct legal-aesthetic perspective the sea offers in order to open up opportunities for international solidarity, such that territorial space may conceal. We might learn something from the pirates, who applied, for the first time and most acutely, the maritime perspective as a <em>methodology<\/em>. Presumably we cannot, nor should we, completely disengage from the territorial perspective available when standing on firm land. But is it not possible, as with Schmitt\u2019s buccaneering British Empire, to simultaneously uphold the sea-borne perspective on things?<\/p>\n\n\n\n<p>In the past, the law of the sea created a certain framework of mutual solidarity among the world\u2019s seafarers, all of whom were exposed to sudden storms and unforeseen weather damages in maritime space. What enabled rival powers to come together and formulate rules for mutual assistance between their ships was a common external enemy \u2013 nature. Conditions today are different. Most ships are much less vulnerable to extreme weather events in one place or another. And the threat common to them all, namely the climate crisis, does not come from the outside. It is a direct result of the actions of all the developed countries \u2013 production, but also transportation of course. It is a direct result of how powerful states have been inhabiting the seas.&nbsp;<\/p>\n\n\n\n<p>If maritime trade has indeed culminated in the final unification of global space, the question is how this unification may nevertheless serve global solidarity. How can the maritime space enable us to mitigate the disastrous effects of the climate threat, while hopefully dismantling exploitative power dynamics that may lead, now or in the near future, to the sacrifice of large parts of humanity?<\/p>\n\n\n\n<p>The best-known example of this kind of action relates to the movement of migrants and refugees, many of whom have been uprooted due to circumstances caused by the climate crisis. When asylum seekers move across the sea to a new country, they rely on the legal assumption of unrestricted movement at sea; and they further depend on the duty of rescue at sea \u2013 part of Grotius\u2019s old legacy. Writing about the duty of rescue, Grotius probably thought of merchants in need of assistance during a storm. Today, however, refugees and migrants trigger these duties with their bodies for other objectives: to protect themselves from a life that may not be worth living (including due to climate related degradation).&nbsp;<\/p>\n\n\n\n<p>Groups of rescuers and volunteers moving across the Mediterranean Sea to extend a helping hand, also frequently make use of laws that were enacted in another era. They carefully choose flags with a view to the unique system of authorities created at sea, and rely on rules that were created to allow unrestricted movement for merchants and colonialists.&nbsp;<\/p>\n\n\n\n<p>As legal scholar Fr\u00e9d\u00e9ric M\u00e9gret shows in a recent article, the law of the sea now opens up a potential for new forms of solidarity. M\u00e9gret writes about solidarity with refugees, but also underscores how the maritime space enabled new forms of action for <em>Greenpeace<\/em> activists who travelled the seas to protect the marine environment; and also, how the feminist group <em>Women on Waves<\/em> took to sea in order to operate exterritorial abortion clinics off the coasts of countries where abortion is prohibited. For Mawani, the emancipatory potential of the law can only come from engaging Western legal thought with a more silenced history of non-European life with, and by means of, the sea. That too is surely a crucial part of building a new vocabulary of solidarity around the sea.&nbsp;<\/p>\n\n\n\n<p>The examples and directions of thought differ among scholars in important aspects. But they are all trying to say something simple: In the face of the current crisis, there is a need to rethink the basic, legal, economic, and political categories of our shared living. Moreover, there is a need to take advantage of opportunities for action inherent in a non-territorial legal system. Perhaps it is no coincidence that political parties experimenting with new forms of democratization have frequently called themselves pirates, and have sometimes adopted the Jolly Roger as an emancipatory symbol. If we can benefit from the shifted perspective created by the law of the sea, just like the pirates did, the sea may provide us with new opportunities for action.<\/p>\n\n\n\n<p><strong>Further reading:<\/strong><\/p>\n\n\n\n<p>Barak, On. <em>Powering Empire: How Coal Made the Middle East and Sparked Global Carbonization<\/em>, 2020.<\/p>\n\n\n\n<p>Benton, Lauren, and Nathan Perl-Rosenthal, eds. <em>A World at Sea: Maritime Practices and Global History<\/em>. Philadelphia, 2020.<\/p>\n\n\n\n<p>Braverman, Irus, and Elizabeth R. Johnson, eds. <em>Blue Legalities: The Life and Laws of the Sea<\/em>. Durham, 2020.<\/p>\n\n\n\n<p>Grotius, Hugo. <em>Mare Liberum<\/em>, 2012.<\/p>\n\n\n\n<p>Heller, Charles, and Lorenzo Pezzani. \u201cLiquid Traces: Investigating the Deaths of Migrants at the EU\u2019s Maritime Frontier.\u201d <em>Revue europ\u00e9enne des migrations internationales<\/em> 30, no. 3 (2014): 71\u2013107.<\/p>\n\n\n\n<p>Mawani, Renisa. <em>Across Oceans of Law: The Komagata Maru and Jurisdiction in the Time of Empire<\/em>. Durham, 2018.<\/p>\n\n\n\n<p>M\u00e9gret, Fr\u00e9d\u00e9ric. \u201cActivists on the High Seas: Reinventing International Law from the Mare Liberum?\u201d <em>International Community Law Review<\/em> 23, no. 4 (January 21, 2021): 367\u2013402. <a href=\"https:\/\/doi.org\/10.1163\/18719732-12341454\">https:\/\/doi.org\/10.1163\/18719732-12341454<\/a>.<\/p>\n\n\n\n<p>Schmitt, Carl. <em>Land and Sea: A World-Historical Meditation<\/em>. Edited by Samuel Garrett Zeitlin and Russell A. Berman. Candor, NY, 2015.<\/p>\n\n\n\n<p>\u2014. <em>The Nomos of the Earth in the International Law of Jus Publicum Europaeum<\/em>. Translated by G. L. Ulmen. New York, 2006.<\/p>\n<\/div><\/div>\n","protected":false},"excerpt":{"rendered":"<\/p>\n<p>Traditionally, the law of the sea is one of the driest subfields of international legal research. But due to the sea\u2019s role as protagonist in the unfolding momentous<\/p>\n<p><a class=\"ah-read-more\" href=\"http:\/\/maarav.org.il\/english\/2022\/01\/06\/a-concise-primer-on-contemporary-maritime-thinking-and\/\">Read more <span class=\"meta-nav\"><\/span>><\/a><\/p>\n","protected":false},"author":28,"featured_media":0,"comment_status":"open","ping_status":"open","sticky":false,"template":"","format":"standard","meta":[],"categories":[59],"tags":[],"yoast_head":"<!-- This site is optimized with the Yoast SEO plugin v18.0 - https:\/\/yoast.com\/wordpress\/plugins\/seo\/ -->\n<meta name=\"robots\" content=\"index, follow, max-snippet:-1, max-image-preview:large, max-video-preview:-1\" \/>\n<link rel=\"canonical\" href=\"http:\/\/maarav.org.il\/english\/2022\/01\/06\/a-concise-primer-on-contemporary-maritime-thinking-and\/\" \/>\n<meta property=\"og:locale\" content=\"en_US\" \/>\n<meta property=\"og:type\" content=\"article\" \/>\n<meta property=\"og:title\" content=\"A Concise Primer on Contemporary Maritime Thinking and Action\/ Itamar Mann - Maarav\" \/>\n<meta property=\"og:description\" content=\"Traditionally, the law of the sea is one of the driest subfields of international legal research. But due to the sea\u2019s role as protagonist in the unfolding momentousRead more &gt;\" \/>\n<meta property=\"og:url\" content=\"http:\/\/maarav.org.il\/english\/2022\/01\/06\/a-concise-primer-on-contemporary-maritime-thinking-and\/\" \/>\n<meta property=\"og:site_name\" content=\"Maarav\" \/>\n<meta property=\"article:published_time\" content=\"2022-01-06T13:39:47+00:00\" \/>\n<meta property=\"article:modified_time\" content=\"2022-04-13T09:28:12+00:00\" \/>\n<meta property=\"og:image\" content=\"http:\/\/maarav.org.il\/english\/wp-content\/uploads\/2022\/04\/IMG_7743.jpg\" \/>\n<meta name=\"twitter:card\" content=\"summary\" \/>\n<meta name=\"twitter:label1\" content=\"Written by\" \/>\n\t<meta name=\"twitter:data1\" content=\"noga rozman\" \/>\n\t<meta name=\"twitter:label2\" content=\"Est. reading time\" \/>\n\t<meta name=\"twitter:data2\" content=\"12 minutes\" \/>\n<script type=\"application\/ld+json\" class=\"yoast-schema-graph\">{\"@context\":\"https:\/\/schema.org\",\"@graph\":[{\"@type\":\"Organization\",\"@id\":\"https:\/\/maarav.org.il\/english\/#organization\",\"name\":\"Maarav - Art \u25cf Culture \u25cf Media\",\"url\":\"https:\/\/maarav.org.il\/english\/\",\"sameAs\":[],\"logo\":{\"@type\":\"ImageObject\",\"@id\":\"https:\/\/maarav.org.il\/english\/#logo\",\"inLanguage\":\"en-US\",\"url\":\"http:\/\/maarav.org.il\/english\/wp-content\/uploads\/2017\/08\/logo_black_en.png\",\"contentUrl\":\"http:\/\/maarav.org.il\/english\/wp-content\/uploads\/2017\/08\/logo_black_en.png\",\"width\":108,\"height\":57,\"caption\":\"Maarav - Art \u25cf Culture \u25cf Media\"},\"image\":{\"@id\":\"https:\/\/maarav.org.il\/english\/#logo\"}},{\"@type\":\"WebSite\",\"@id\":\"https:\/\/maarav.org.il\/english\/#website\",\"url\":\"https:\/\/maarav.org.il\/english\/\",\"name\":\"Maarav\",\"description\":\"Art \u25cf Culture \u25cf Media\",\"publisher\":{\"@id\":\"https:\/\/maarav.org.il\/english\/#organization\"},\"potentialAction\":[{\"@type\":\"SearchAction\",\"target\":{\"@type\":\"EntryPoint\",\"urlTemplate\":\"https:\/\/maarav.org.il\/english\/?s={search_term_string}\"},\"query-input\":\"required name=search_term_string\"}],\"inLanguage\":\"en-US\"},{\"@type\":\"ImageObject\",\"@id\":\"http:\/\/maarav.org.il\/english\/2022\/01\/06\/a-concise-primer-on-contemporary-maritime-thinking-and\/#primaryimage\",\"inLanguage\":\"en-US\",\"url\":\"http:\/\/maarav.org.il\/english\/wp-content\/uploads\/2022\/04\/IMG_7743.jpg\",\"contentUrl\":\"http:\/\/maarav.org.il\/english\/wp-content\/uploads\/2022\/04\/IMG_7743.jpg\",\"width\":640,\"height\":445},{\"@type\":\"WebPage\",\"@id\":\"http:\/\/maarav.org.il\/english\/2022\/01\/06\/a-concise-primer-on-contemporary-maritime-thinking-and\/#webpage\",\"url\":\"http:\/\/maarav.org.il\/english\/2022\/01\/06\/a-concise-primer-on-contemporary-maritime-thinking-and\/\",\"name\":\"A Concise Primer on Contemporary Maritime Thinking and Action\/ Itamar Mann - Maarav\",\"isPartOf\":{\"@id\":\"https:\/\/maarav.org.il\/english\/#website\"},\"primaryImageOfPage\":{\"@id\":\"http:\/\/maarav.org.il\/english\/2022\/01\/06\/a-concise-primer-on-contemporary-maritime-thinking-and\/#primaryimage\"},\"datePublished\":\"2022-01-06T13:39:47+00:00\",\"dateModified\":\"2022-04-13T09:28:12+00:00\",\"breadcrumb\":{\"@id\":\"http:\/\/maarav.org.il\/english\/2022\/01\/06\/a-concise-primer-on-contemporary-maritime-thinking-and\/#breadcrumb\"},\"inLanguage\":\"en-US\",\"potentialAction\":[{\"@type\":\"ReadAction\",\"target\":[\"http:\/\/maarav.org.il\/english\/2022\/01\/06\/a-concise-primer-on-contemporary-maritime-thinking-and\/\"]}]},{\"@type\":\"BreadcrumbList\",\"@id\":\"http:\/\/maarav.org.il\/english\/2022\/01\/06\/a-concise-primer-on-contemporary-maritime-thinking-and\/#breadcrumb\",\"itemListElement\":[{\"@type\":\"ListItem\",\"position\":1,\"name\":\"Home\",\"item\":\"https:\/\/maarav.org.il\/english\/\"},{\"@type\":\"ListItem\",\"position\":2,\"name\":\"A Concise Primer on Contemporary Maritime Thinking and Action\/ Itamar Mann\"}]},{\"@type\":\"Article\",\"@id\":\"http:\/\/maarav.org.il\/english\/2022\/01\/06\/a-concise-primer-on-contemporary-maritime-thinking-and\/#article\",\"isPartOf\":{\"@id\":\"http:\/\/maarav.org.il\/english\/2022\/01\/06\/a-concise-primer-on-contemporary-maritime-thinking-and\/#webpage\"},\"author\":{\"@id\":\"https:\/\/maarav.org.il\/english\/#\/schema\/person\/c3b00ef89eec8b07209ad8c3bf3890bd\"},\"headline\":\"A Concise Primer on Contemporary Maritime Thinking and Action\/ Itamar Mann\",\"datePublished\":\"2022-01-06T13:39:47+00:00\",\"dateModified\":\"2022-04-13T09:28:12+00:00\",\"mainEntityOfPage\":{\"@id\":\"http:\/\/maarav.org.il\/english\/2022\/01\/06\/a-concise-primer-on-contemporary-maritime-thinking-and\/#webpage\"},\"wordCount\":2496,\"commentCount\":0,\"publisher\":{\"@id\":\"https:\/\/maarav.org.il\/english\/#organization\"},\"image\":{\"@id\":\"http:\/\/maarav.org.il\/english\/2022\/01\/06\/a-concise-primer-on-contemporary-maritime-thinking-and\/#primaryimage\"},\"thumbnailUrl\":\"http:\/\/maarav.org.il\/english\/wp-content\/uploads\/2022\/04\/IMG_7743.jpg\",\"articleSection\":[\"Water\"],\"inLanguage\":\"en-US\",\"potentialAction\":[{\"@type\":\"CommentAction\",\"name\":\"Comment\",\"target\":[\"http:\/\/maarav.org.il\/english\/2022\/01\/06\/a-concise-primer-on-contemporary-maritime-thinking-and\/#respond\"]}]},{\"@type\":\"Person\",\"@id\":\"https:\/\/maarav.org.il\/english\/#\/schema\/person\/c3b00ef89eec8b07209ad8c3bf3890bd\",\"name\":\"noga rozman\",\"image\":{\"@type\":\"ImageObject\",\"@id\":\"https:\/\/maarav.org.il\/english\/#personlogo\",\"inLanguage\":\"en-US\",\"url\":\"http:\/\/0.gravatar.com\/avatar\/9bca10541351f9f04d0dec4bdbda1f12?s=96&d=mm&r=g\",\"contentUrl\":\"http:\/\/0.gravatar.com\/avatar\/9bca10541351f9f04d0dec4bdbda1f12?s=96&d=mm&r=g\",\"caption\":\"noga rozman\"}}]}<\/script>\n<!-- \/ Yoast SEO plugin. -->","yoast_head_json":{"robots":{"index":"index","follow":"follow","max-snippet":"max-snippet:-1","max-image-preview":"max-image-preview:large","max-video-preview":"max-video-preview:-1"},"canonical":"http:\/\/maarav.org.il\/english\/2022\/01\/06\/a-concise-primer-on-contemporary-maritime-thinking-and\/","og_locale":"en_US","og_type":"article","og_title":"A Concise Primer on Contemporary Maritime Thinking and Action\/ Itamar Mann - Maarav","og_description":"Traditionally, the law of the sea is one of the driest subfields of international legal research. But due to the sea\u2019s role as protagonist in the unfolding momentousRead more >","og_url":"http:\/\/maarav.org.il\/english\/2022\/01\/06\/a-concise-primer-on-contemporary-maritime-thinking-and\/","og_site_name":"Maarav","article_published_time":"2022-01-06T13:39:47+00:00","article_modified_time":"2022-04-13T09:28:12+00:00","og_image":[{"url":"http:\/\/maarav.org.il\/english\/wp-content\/uploads\/2022\/04\/IMG_7743.jpg"}],"twitter_card":"summary","twitter_misc":{"Written by":"noga rozman","Est. reading time":"12 minutes"},"schema":{"@context":"https:\/\/schema.org","@graph":[{"@type":"Organization","@id":"https:\/\/maarav.org.il\/english\/#organization","name":"Maarav - Art \u25cf Culture \u25cf Media","url":"https:\/\/maarav.org.il\/english\/","sameAs":[],"logo":{"@type":"ImageObject","@id":"https:\/\/maarav.org.il\/english\/#logo","inLanguage":"en-US","url":"http:\/\/maarav.org.il\/english\/wp-content\/uploads\/2017\/08\/logo_black_en.png","contentUrl":"http:\/\/maarav.org.il\/english\/wp-content\/uploads\/2017\/08\/logo_black_en.png","width":108,"height":57,"caption":"Maarav - Art \u25cf Culture \u25cf Media"},"image":{"@id":"https:\/\/maarav.org.il\/english\/#logo"}},{"@type":"WebSite","@id":"https:\/\/maarav.org.il\/english\/#website","url":"https:\/\/maarav.org.il\/english\/","name":"Maarav","description":"Art \u25cf Culture \u25cf Media","publisher":{"@id":"https:\/\/maarav.org.il\/english\/#organization"},"potentialAction":[{"@type":"SearchAction","target":{"@type":"EntryPoint","urlTemplate":"https:\/\/maarav.org.il\/english\/?s={search_term_string}"},"query-input":"required name=search_term_string"}],"inLanguage":"en-US"},{"@type":"ImageObject","@id":"http:\/\/maarav.org.il\/english\/2022\/01\/06\/a-concise-primer-on-contemporary-maritime-thinking-and\/#primaryimage","inLanguage":"en-US","url":"http:\/\/maarav.org.il\/english\/wp-content\/uploads\/2022\/04\/IMG_7743.jpg","contentUrl":"http:\/\/maarav.org.il\/english\/wp-content\/uploads\/2022\/04\/IMG_7743.jpg","width":640,"height":445},{"@type":"WebPage","@id":"http:\/\/maarav.org.il\/english\/2022\/01\/06\/a-concise-primer-on-contemporary-maritime-thinking-and\/#webpage","url":"http:\/\/maarav.org.il\/english\/2022\/01\/06\/a-concise-primer-on-contemporary-maritime-thinking-and\/","name":"A Concise Primer on Contemporary Maritime Thinking and Action\/ Itamar Mann - Maarav","isPartOf":{"@id":"https:\/\/maarav.org.il\/english\/#website"},"primaryImageOfPage":{"@id":"http:\/\/maarav.org.il\/english\/2022\/01\/06\/a-concise-primer-on-contemporary-maritime-thinking-and\/#primaryimage"},"datePublished":"2022-01-06T13:39:47+00:00","dateModified":"2022-04-13T09:28:12+00:00","breadcrumb":{"@id":"http:\/\/maarav.org.il\/english\/2022\/01\/06\/a-concise-primer-on-contemporary-maritime-thinking-and\/#breadcrumb"},"inLanguage":"en-US","potentialAction":[{"@type":"ReadAction","target":["http:\/\/maarav.org.il\/english\/2022\/01\/06\/a-concise-primer-on-contemporary-maritime-thinking-and\/"]}]},{"@type":"BreadcrumbList","@id":"http:\/\/maarav.org.il\/english\/2022\/01\/06\/a-concise-primer-on-contemporary-maritime-thinking-and\/#breadcrumb","itemListElement":[{"@type":"ListItem","position":1,"name":"Home","item":"https:\/\/maarav.org.il\/english\/"},{"@type":"ListItem","position":2,"name":"A Concise Primer on Contemporary Maritime Thinking and Action\/ Itamar Mann"}]},{"@type":"Article","@id":"http:\/\/maarav.org.il\/english\/2022\/01\/06\/a-concise-primer-on-contemporary-maritime-thinking-and\/#article","isPartOf":{"@id":"http:\/\/maarav.org.il\/english\/2022\/01\/06\/a-concise-primer-on-contemporary-maritime-thinking-and\/#webpage"},"author":{"@id":"https:\/\/maarav.org.il\/english\/#\/schema\/person\/c3b00ef89eec8b07209ad8c3bf3890bd"},"headline":"A Concise Primer on Contemporary Maritime Thinking and Action\/ Itamar Mann","datePublished":"2022-01-06T13:39:47+00:00","dateModified":"2022-04-13T09:28:12+00:00","mainEntityOfPage":{"@id":"http:\/\/maarav.org.il\/english\/2022\/01\/06\/a-concise-primer-on-contemporary-maritime-thinking-and\/#webpage"},"wordCount":2496,"commentCount":0,"publisher":{"@id":"https:\/\/maarav.org.il\/english\/#organization"},"image":{"@id":"http:\/\/maarav.org.il\/english\/2022\/01\/06\/a-concise-primer-on-contemporary-maritime-thinking-and\/#primaryimage"},"thumbnailUrl":"http:\/\/maarav.org.il\/english\/wp-content\/uploads\/2022\/04\/IMG_7743.jpg","articleSection":["Water"],"inLanguage":"en-US","potentialAction":[{"@type":"CommentAction","name":"Comment","target":["http:\/\/maarav.org.il\/english\/2022\/01\/06\/a-concise-primer-on-contemporary-maritime-thinking-and\/#respond"]}]},{"@type":"Person","@id":"https:\/\/maarav.org.il\/english\/#\/schema\/person\/c3b00ef89eec8b07209ad8c3bf3890bd","name":"noga rozman","image":{"@type":"ImageObject","@id":"https:\/\/maarav.org.il\/english\/#personlogo","inLanguage":"en-US","url":"http:\/\/0.gravatar.com\/avatar\/9bca10541351f9f04d0dec4bdbda1f12?s=96&d=mm&r=g","contentUrl":"http:\/\/0.gravatar.com\/avatar\/9bca10541351f9f04d0dec4bdbda1f12?s=96&d=mm&r=g","caption":"noga rozman"}}]}},"_links":{"self":[{"href":"http:\/\/maarav.org.il\/english\/wp-json\/wp\/v2\/posts\/2470"}],"collection":[{"href":"http:\/\/maarav.org.il\/english\/wp-json\/wp\/v2\/posts"}],"about":[{"href":"http:\/\/maarav.org.il\/english\/wp-json\/wp\/v2\/types\/post"}],"author":[{"embeddable":true,"href":"http:\/\/maarav.org.il\/english\/wp-json\/wp\/v2\/users\/28"}],"replies":[{"embeddable":true,"href":"http:\/\/maarav.org.il\/english\/wp-json\/wp\/v2\/comments?post=2470"}],"version-history":[{"count":5,"href":"http:\/\/maarav.org.il\/english\/wp-json\/wp\/v2\/posts\/2470\/revisions"}],"predecessor-version":[{"id":2499,"href":"http:\/\/maarav.org.il\/english\/wp-json\/wp\/v2\/posts\/2470\/revisions\/2499"}],"wp:attachment":[{"href":"http:\/\/maarav.org.il\/english\/wp-json\/wp\/v2\/media?parent=2470"}],"wp:term":[{"taxonomy":"category","embeddable":true,"href":"http:\/\/maarav.org.il\/english\/wp-json\/wp\/v2\/categories?post=2470"},{"taxonomy":"post_tag","embeddable":true,"href":"http:\/\/maarav.org.il\/english\/wp-json\/wp\/v2\/tags?post=2470"}],"curies":[{"name":"wp","href":"https:\/\/api.w.org\/{rel}","templated":true}]}}